{"id":14745,"date":"2026-09-03T04:17:40","date_gmt":"2026-09-02T21:17:40","guid":{"rendered":"https:\/\/useful.vn\/?p=14745"},"modified":"2026-09-03T04:17:40","modified_gmt":"2026-09-02T21:17:40","slug":"nhieu-du-khach-huy-den-jeju-sau-loat-thi-the-duoc-phat-hien","status":"publish","type":"post","link":"https:\/\/useful.vn\/?p=14745","title":{"rendered":"Nhi\u1ec1u du kh\u00e1ch h\u1ee7y \u0111\u1ebfn Jeju sau lo\u1ea1t thi th\u1ec3 \u0111\u01b0\u1ee3c ph\u00e1t hi\u1ec7n"},"content":{"rendered":"<article class=\"fck_detail \">\n<h1 class=\"title-detail mt20\">\nNhi\u1ec1u du kh\u00e1ch h\u1ee7y \u0111\u1ebfn Jeju sau lo\u1ea1t thi th\u1ec3 \u0111\u01b0\u1ee3c ph\u00e1t hi\u1ec7n <\/h1>\n<p class=\"description\"><span class=\"location-stamp\">H\u00e0n Qu\u1ed1c<\/span>Vi\u1ec7c li\u00ean ti\u1ebfp ph\u00e1t hi\u1ec7n thi th\u1ec3 ng\u01b0\u1eddi m\u1ea5t t\u00edch t\u1ea1i c\u00e1c \u0111i\u1ec3m du l\u1ecbch n\u1ed5i ti\u1ebfng \u1edf \u0111\u1ea3o Jeju khi\u1ebfn d\u01b0 lu\u1eadn hoang mang, nhi\u1ec1u du kh\u00e1ch h\u1ee7y chuy\u1ebfn.<\/p>\n<p class=\"Normal\" dir=\"ltr\">Kang, 29 tu\u1ed5i, th\u01b0\u1eddng xuy\u00ean l\u01b0u tr\u00fa t\u1ea1i Jeju m\u1ed7i k\u1ef3 ngh\u1ec9 m\u00f9a thu, v\u1eeba quy\u1ebft \u0111\u1ecbnh h\u1ee7y to\u00e0n b\u1ed9 k\u1ebf ho\u1ea1ch n\u0103m nay, \u1edf l\u1ea1i Seoul thay v\u00ec t\u1eadn h\u01b0\u1edfng m\u1ed9t tu\u1ea7n \u0111i b\u1ed9 nh\u01b0 m\u1ecdi khi. &#8220;T\u00f4i th\u01b0\u1eddng du l\u1ecbch \u0111\u1ed9c h\u00e0nh \u0111\u1ec3 th\u01b0 gi\u00e3n, nh\u01b0ng nh\u1eefng v\u1ee5 vi\u1ec7c g\u1ea7n \u0111\u00e2y khi\u1ebfn t\u00f4i c\u1ea3m th\u1ea5y ph\u1ee5 n\u1eef m\u1ed9t m\u00ecnh \u0111\u1ebfn Jeju hi\u1ec7n kh\u00f4ng an to\u00e0n&#8221;, c\u00f4 n\u00f3i.<\/p>\n<p class=\"Normal\" dir=\"ltr\">L\u00e0n s\u00f3ng h\u1ee7y tour v\u00e0 ho\u00e3n l\u1ecbch tr\u00ecnh lan r\u1ed9ng trong c\u1ed9ng \u0111\u1ed3ng du kh\u00e1ch H\u00e0n Qu\u1ed1c sau khi gi\u1edbi ch\u1ee9c li\u00ean t\u1ee5c t\u00ecm th\u1ea5y thi th\u1ec3 c\u1ee7a nh\u1eefng ng\u01b0\u1eddi \u0111\u01b0\u1ee3c b\u00e1o m\u1ea5t t\u00edch tr\u01b0\u1edbc \u0111\u00f3, nguy\u00ean nh\u00e2n t\u1eed vong hi\u1ec7n \u0111ang \u0111\u01b0\u1ee3c \u0111i\u1ec1u tra. Ng\u00e0nh du l\u1ecbch Jeju, v\u1ed1n \u0111ang \u0111\u1ed1i m\u1eb7t t\u00ecnh tr\u1ea1ng suy gi\u1ea3m kh\u00e1ch n\u1ed9i \u0111\u1ecba, \u0111\u1ee9ng tr\u01b0\u1edbc nguy c\u01a1 kh\u1ee7ng ho\u1ea3ng nghi\u00eam tr\u1ecdng h\u01a1n.<\/p>\n<figure data-size=\"true\" class=\"tplCaption\">\n<div class=\"fig-picture\" data-width=\"1020\">\n<source data-srcset=\"http:\/\/useful.vn\/wp-content\/uploads\/2026\/09\/i3aj2niiyjokxjghsecxkwl5zq-178-4468-7406-1787714153.webp 1x, http:\/\/useful.vn\/wp-content\/uploads\/2026\/09\/i3aj2niiyjokxjghsecxkwl5zq-178-4468-7406-1787714153.webp 1.5x, https:\/\/vcdn1-dulich.vnecdn.net\/2026\/08\/26\/I3AJ2NIIYJOKXJGHSECXKWL5ZQ-178-4468-7406-1787714153.jpg?w=1020&amp;h=0&amp;q=100&amp;dpr=2&amp;fit=crop&amp;s=rKu_gQYs2NM1QZorxwlpGw 2x\" \/><\/div><figcaption>\n<p class=\"Image\">C\u1ea3nh s\u00e1t kh\u00e1m nghi\u1ec7m hi\u1ec7n tr\u01b0\u1eddng sau khi t\u00ecm th\u1ea5y thi th\u1ec3 c\u00f4 Jang Mi-ran t\u1ea1i m\u1ed9t trang tr\u1ea1i tr\u1ed3ng c\u1ecd \u1edf Jeju, ng\u00e0y 24\/8. \u1ea2nh: <em>Yonhap News<\/em><\/p>\n<\/figcaption><\/figure>\n<p class=\"Normal\" dir=\"ltr\">Tr\u00ean c\u00e1c di\u1ec5n \u0111\u00e0n v\u00e0 m\u1ea1ng x\u00e3 h\u1ed9i, nhi\u1ec1u ch\u1ee7 \u0111\u1ec1 th\u1ea3o lu\u1eadn v\u1ec1 vi\u1ec7c c\u00f3 n\u00ean ti\u1ebfp t\u1ee5c \u0111\u1ebfn Jeju hay kh\u00f4ng thu h\u00fat h\u00e0ng ngh\u00ecn l\u01b0\u1ee3t t\u01b0\u01a1ng t\u00e1c. M\u1ed9t t\u00e0i kho\u1ea3n chia s\u1ebb: &#8220;T\u00f4i \u0111\u00e3 \u0111\u1eb7t v\u00e9 \u0111i Jeju v\u00e0o th\u00e1ng 10 nh\u01b0ng hi\u1ec7n r\u1ea5t \u0111\u1eafn \u0111o, kh\u00f4ng r\u00f5 khu v\u1ef1c trung t\u00e2m th\u00e0nh ph\u1ed1 c\u00f3 th\u1ef1c s\u1ef1 an to\u00e0n kh\u00f4ng&#8221;.<\/p>\n<p class=\"Normal\" dir=\"ltr\">M\u1ed9t ng\u01b0\u1eddi kh\u00e1c cho bi\u1ebft gia \u0111\u00ecnh ph\u1ea3i c\u00e2n nh\u1eafc b\u1ecf kho\u1ea3n ti\u1ec1n ph\u1ea1t h\u1ee7y d\u1ecbch v\u1ee5 v\u00ec con nh\u1ecf ho\u1ea3ng s\u1ee3. Lee, 23 tu\u1ed5i, nh\u00e2n vi\u00ean v\u0103n ph\u00f2ng t\u1ea1i Seoul, c\u0169ng ch\u1ee7 \u0111\u1ed9ng khuy\u00ean m\u1eb9 ho\u00e3n chuy\u1ebfn \u0111i cu\u1ed1i n\u0103m.<\/p>\n<p class=\"Normal\" dir=\"ltr\">Trong ba ng\u00e0y 22-24\/8, c\u1ea3nh s\u00e1t \u0111\u1ecba ph\u01b0\u01a1ng ph\u00e1t hi\u1ec7n t\u1ed5ng c\u1ed9ng 4 thi th\u1ec3 li\u00ean quan c\u00e1c v\u1ee5 m\u1ea5t t\u00edch, t\u1ea1i c\u00e1c khu v\u1ef1c Hallim-eup, Gujwa-eup, Jocheon-eup v\u00e0 Aewol-eup &#8211; g\u1ea7n \u0111\u01b0\u1eddng m\u00f2n Jeju Olle, tuy\u1ebfn trekking n\u1ed5i ti\u1ebfng. Trong \u0111\u00f3, thi th\u1ec3 \u0111\u01b0\u1ee3c cho l\u00e0 c\u1ee7a c\u00f4 Jang Mi-ran, 37 tu\u1ed5i, \u0111\u01b0\u1ee3c t\u00ecm th\u1ea5y c\u00e1ch n\u01a1i c\u00f4 l\u01b0u tr\u00fa ch\u1ec9 400 m. V\u1ee5 vi\u1ec7c t\u1eebng b\u1ecb m\u1ed9t \u0111i\u1ec1u tra vi\u00ean \u0111\u00f3ng h\u1ed3 s\u01a1 b\u1ea5t h\u1ee3p l\u00fd v\u1edbi ghi ch\u00fa &#8220;\u0111\u00e3 li\u00ean l\u1ea1c \u0111\u01b0\u1ee3c&#8221;. Chu\u1ed7i ph\u00e1t hi\u1ec7n khi\u1ebfn nhi\u1ec1u tin \u0111\u1ed3n th\u1ea5t thi\u1ec7t lan truy\u1ec1n, \u1ea3nh h\u01b0\u1edfng tr\u1ef1c ti\u1ebfp \u0111\u1ebfn c\u00e1c c\u01a1 s\u1edf kinh doanh du l\u1ecbch.<\/p>\n<p class=\"Normal\" dir=\"ltr\">Ch\u1ee7 m\u1ed9t homestay t\u1ea1i Hallim-eup cho bi\u1ebft khu v\u1ef1c v\u1ed1n c\u00f3 an ninh t\u1ed1t, h\u1ec7 th\u1ed1ng \u0111\u00e8n \u0111\u01b0\u1eddng d\u00e0y \u0111\u1eb7c. &#8220;Ch\u00fang t\u00f4i th\u01b0\u1eddng xuy\u00ean \u0111\u00f3n kh\u00e1ch \u0111i m\u1ed9t m\u00ecnh, vi\u1ec7c c\u1ea3 c\u1ed9ng \u0111\u1ed3ng b\u1ecb \u1ea3nh h\u01b0\u1edfng ti\u00eau c\u1ef1c l\u00e0 \u0111i\u1ec1u \u0111\u00e1ng ti\u1ebfc&#8221;, ng\u01b0\u1eddi n\u00e0y n\u00f3i. C\u00e1c ch\u1ee7 c\u01a1 s\u1edf l\u01b0u tr\u00fa l\u00e2n c\u1eadn c\u0169ng ghi nh\u1eadn l\u01b0\u1ee3ng l\u1edbn cu\u1ed9c g\u1ecdi h\u1ecfi v\u1ec1 t\u00ecnh h\u00ecnh an ninh. M\u1ed9t s\u1ed1 ti\u1ec3u th\u01b0\u01a1ng xin ch\u1ea5m d\u1ee9t h\u1ee3p \u0111\u1ed3ng thu\u00ea m\u1eb7t b\u1eb1ng s\u1edbm \u0111\u1ec3 r\u00fat ti\u1ec1n \u0111\u1eb7t c\u1ecdc.<\/p>\n<p class=\"Normal\" dir=\"ltr\">Chu\u1ed7i s\u1ef1 vi\u1ec7c di\u1ec5n ra \u0111\u00fang th\u1eddi \u0111i\u1ec3m ng\u00e0nh du l\u1ecbch Jeju ghi nh\u1eadn c\u00e1c ch\u1ec9 s\u1ed1 s\u1ee5t gi\u1ea3m. Theo T\u1ed5 ch\u1ee9c Du l\u1ecbch Jeju (JTO), th\u00e1ng 7 h\u00f2n \u0111\u1ea3o \u0111\u00f3n h\u01a1n 963.000 l\u01b0\u1ee3t kh\u00e1ch n\u1ed9i \u0111\u1ecba, gi\u1ea3m 12% so v\u1edbi c\u00f9ng k\u1ef3 &#8211; l\u1ea7n \u0111\u1ea7u ti\u00ean k\u1ec3 t\u1eeb sau \u0111\u1ea1i d\u1ecbch Covid-19 n\u0103m 2020, l\u01b0\u1ee3ng kh\u00e1ch n\u1ed9i \u0111\u1ecba theo th\u00e1ng xu\u1ed1ng d\u01b0\u1edbi m\u1ed1c m\u1ed9t tri\u1ec7u l\u01b0\u1ee3t. Sang th\u00e1ng 8, l\u01b0\u1ee3ng kh\u00e1ch trung b\u00ecnh m\u1ed7i ng\u00e0y \u0111\u1ea1t kho\u1ea3ng 35.200 l\u01b0\u1ee3t, th\u1ea5p h\u01a1n c\u00f9ng k\u1ef3 n\u0103m ngo\u00e1i. T\u00e2m l\u00fd ng\u1ea1i du l\u1ecbch lan r\u1ed9ng \u0111\u01b0\u1ee3c d\u1ef1 b\u00e1o ti\u1ebfp t\u1ee5c t\u1ea1o \u00e1p l\u1ef1c l\u00ean \u0111\u00e0 ph\u1ee5c h\u1ed3i kinh t\u1ebf c\u1ee7a h\u00f2n \u0111\u1ea3o trong c\u00e1c th\u00e1ng cu\u1ed1i n\u0103m.<\/p>\n<p class=\"Normal\"><strong>Mai Ph\u01b0\u01a1ng <\/strong>(Theo<em> Chosun<\/em>)<\/p>\n<\/article>\n<hr>\n<p>https:\/\/vnexpress.net\/nhieu-du-khach-huy-den-jeju-sau-loat-thi-the-duoc-phat-hien-5113512.html<\/p>\n","protected":false},"excerpt":{"rendered":"<p>Nhi\u1ec1u du kh\u00e1ch h\u1ee7y \u0111\u1ebfn Jeju sau lo\u1ea1t thi th\u1ec3 \u0111\u01b0\u1ee3c ph\u00e1t hi\u1ec7n H\u00e0n Qu\u1ed1cVi\u1ec7c li\u00ean ti\u1ebfp ph\u00e1t hi\u1ec7n thi th\u1ec3 ng\u01b0\u1eddi m\u1ea5t t\u00edch t\u1ea1i c\u00e1c \u0111i\u1ec3m du l\u1ecbch n\u1ed5i ti\u1ebfng \u1edf \u0111\u1ea3o Jeju khi\u1ebfn d\u01b0 lu\u1eadn hoang mang, nhi\u1ec1u du kh\u00e1ch h\u1ee7y chuy\u1ebfn. Kang, 29 tu\u1ed5i, th\u01b0\u1eddng xuy\u00ean l\u01b0u tr\u00fa t\u1ea1i Jeju m\u1ed7i k\u1ef3<\/p>\n","protected":false},"author":1,"featured_media":14746,"comment_status":"open","ping_status":"open","sticky":false,"template":"","format":"standard","meta":{"footnotes":""},"categories":[4],"tags":[],"class_list":["post-14745","post","type-post","status-publish","format-standard","has-post-thumbnail","hentry","category-du-lich"],"_links":{"self":[{"href":"https:\/\/useful.vn\/index.php?rest_route=\/wp\/v2\/posts\/14745","targetHints":{"allow":["GET"]}}],"collection":[{"href":"https:\/\/useful.vn\/index.php?rest_route=\/wp\/v2\/posts"}],"about":[{"href":"https:\/\/useful.vn\/index.php?rest_route=\/wp\/v2\/types\/post"}],"author":[{"embeddable":true,"href":"https:\/\/useful.vn\/index.php?rest_route=\/wp\/v2\/users\/1"}],"replies":[{"embeddable":true,"href":"https:\/\/useful.vn\/index.php?rest_route=%2Fwp%2Fv2%2Fcomments&post=14745"}],"version-history":[{"count":0,"href":"https:\/\/useful.vn\/index.php?rest_route=\/wp\/v2\/posts\/14745\/revisions"}],"wp:featuredmedia":[{"embeddable":true,"href":"https:\/\/useful.vn\/index.php?rest_route=\/wp\/v2\/media\/14746"}],"wp:attachment":[{"href":"https:\/\/useful.vn\/index.php?rest_route=%2Fwp%2Fv2%2Fmedia&parent=14745"}],"wp:term":[{"taxonomy":"category","embeddable":true,"href":"https:\/\/useful.vn\/index.php?rest_route=%2Fwp%2Fv2%2Fcategories&post=14745"},{"taxonomy":"post_tag","embeddable":true,"href":"https:\/\/useful.vn\/index.php?rest_route=%2Fwp%2Fv2%2Ftags&post=14745"}],"curies":[{"name":"wp","href":"https:\/\/api.w.org\/{rel}","templated":true}]}}